{"id":691,"date":"2024-06-25T16:24:20","date_gmt":"2024-06-25T14:24:20","guid":{"rendered":"https:\/\/www.probike-messerli.ch\/?p=691"},"modified":"2024-06-25T16:24:22","modified_gmt":"2024-06-25T14:24:22","slug":"vespa-px-125-2","status":"publish","type":"post","link":"https:\/\/www.probike-messerli.ch\/?p=691&lang=brn","title":{"rendered":"Vespa PX 125"},"content":{"rendered":"\n<p>Occasion Vespa PX 125 gr\u00fcn<br>Jahrgang: 1986<br>Kilometerstang: 22&#8217;000 km<br>Priis: CHF 5&#8217;800 (ab Mfk)<br>Reservation: Per E-Mail oder dir\u00e4kt im Lad\u00e4<\/p>\n\n\n\n<figure class=\"wp-block-image size-large\"><img loading=\"lazy\" decoding=\"async\" width=\"1024\" height=\"768\" src=\"https:\/\/www.probike-messerli.ch\/wp-content\/uploads\/2024\/06\/IMG20240620140726-1-1024x768.jpg\" alt=\"\" class=\"wp-image-705\" srcset=\"https:\/\/www.probike-messerli.ch\/wp-content\/uploads\/2024\/06\/IMG20240620140726-1-1024x768.jpg 1024w, https:\/\/www.probike-messerli.ch\/wp-content\/uploads\/2024\/06\/IMG20240620140726-1-300x225.jpg 300w, https:\/\/www.probike-messerli.ch\/wp-content\/uploads\/2024\/06\/IMG20240620140726-1-768x576.jpg 768w, https:\/\/www.probike-messerli.ch\/wp-content\/uploads\/2024\/06\/IMG20240620140726-1-1536x1152.jpg 1536w, https:\/\/www.probike-messerli.ch\/wp-content\/uploads\/2024\/06\/IMG20240620140726-1.jpg 2048w\" sizes=\"(max-width: 1024px) 100vw, 1024px\" \/><\/figure>\n\n\n\n<p><\/p>\n\n\n\n<figure class=\"wp-block-image size-large\"><img loading=\"lazy\" decoding=\"async\" width=\"1024\" height=\"768\" src=\"https:\/\/www.probike-messerli.ch\/wp-content\/uploads\/2024\/06\/IMG20240620141918-1-1024x768.jpg\" alt=\"\" class=\"wp-image-706\" srcset=\"https:\/\/www.probike-messerli.ch\/wp-content\/uploads\/2024\/06\/IMG20240620141918-1-1024x768.jpg 1024w, https:\/\/www.probike-messerli.ch\/wp-content\/uploads\/2024\/06\/IMG20240620141918-1-300x225.jpg 300w, https:\/\/www.probike-messerli.ch\/wp-content\/uploads\/2024\/06\/IMG20240620141918-1-768x576.jpg 768w, https:\/\/www.probike-messerli.ch\/wp-content\/uploads\/2024\/06\/IMG20240620141918-1-1536x1152.jpg 1536w, https:\/\/www.probike-messerli.ch\/wp-content\/uploads\/2024\/06\/IMG20240620141918-1.jpg 2048w\" sizes=\"(max-width: 1024px) 100vw, 1024px\" \/><\/figure>\n\n\n\n<p><\/p>\n\n\n\n<figure class=\"wp-block-image size-large\"><img loading=\"lazy\" decoding=\"async\" width=\"768\" height=\"1024\" src=\"https:\/\/www.probike-messerli.ch\/wp-content\/uploads\/2024\/06\/IMG20240620142037-1-768x1024.jpg\" alt=\"\" class=\"wp-image-707\" srcset=\"https:\/\/www.probike-messerli.ch\/wp-content\/uploads\/2024\/06\/IMG20240620142037-1-768x1024.jpg 768w, https:\/\/www.probike-messerli.ch\/wp-content\/uploads\/2024\/06\/IMG20240620142037-1-225x300.jpg 225w, https:\/\/www.probike-messerli.ch\/wp-content\/uploads\/2024\/06\/IMG20240620142037-1-1152x1536.jpg 1152w, https:\/\/www.probike-messerli.ch\/wp-content\/uploads\/2024\/06\/IMG20240620142037-1.jpg 1536w\" sizes=\"(max-width: 768px) 100vw, 768px\" \/><\/figure>\n","protected":false},"excerpt":{"rendered":"<p>Occasion Vespa PX 125 gr\u00fcnJahrgang: 1986Kilometerstang: 22&#8217;000 kmPriis: CHF 5&#8217;800 (ab Mfk)Reservation: Per E-Mail oder dir\u00e4kt im Lad\u00e4<\/p>\n","protected":false},"author":1,"featured_media":705,"comment_status":"closed","ping_status":"closed","sticky":false,"template":"","format":"standard","meta":{"footnotes":""},"categories":[75,40],"tags":[],"class_list":["post-691","post","type-post","status-publish","format-standard","has-post-thumbnail","hentry","category-roller-brn","category-z-verchoufe"],"yoast_head":"<!-- This site is optimized with the Yoast SEO plugin v25.6 - https:\/\/yoast.com\/wordpress\/plugins\/seo\/ -->\n<title>Vespa PX 125 &#8211; Pro Bike Messerli Z Verchoufe<\/title>\n<meta name=\"robots\" content=\"index, follow, max-snippet:-1, max-image-preview:large, max-video-preview:-1\" \/>\n<link rel=\"canonical\" href=\"https:\/\/www.probike-messerli.ch\/?p=691&lang=brn\" \/>\n<meta property=\"og:locale\" content=\"en_US\" \/>\n<meta property=\"og:type\" content=\"article\" \/>\n<meta property=\"og:title\" content=\"Vespa PX 125 &#8211; Pro Bike Messerli Z Verchoufe\" \/>\n<meta property=\"og:description\" content=\"Occasion Vespa PX 125 gr\u00fcnJahrgang: 1986Kilometerstang: 22&#8217;000 kmPriis: CHF 5&#8217;800 (ab Mfk)Reservation: Per E-Mail oder dir\u00e4kt im Lad\u00e4\" \/>\n<meta property=\"og:url\" content=\"https:\/\/www.probike-messerli.ch\/?p=691&amp;lang=brn\" \/>\n<meta property=\"og:site_name\" content=\"Pro Bike Messerli\" \/>\n<meta property=\"article:published_time\" content=\"2024-06-25T14:24:20+00:00\" \/>\n<meta property=\"article:modified_time\" content=\"2024-06-25T14:24:22+00:00\" \/>\n<meta property=\"og:image\" content=\"https:\/\/www.probike-messerli.ch\/wp-content\/uploads\/2024\/06\/IMG20240620140726-1.jpg\" \/>\n\t<meta property=\"og:image:width\" content=\"2048\" \/>\n\t<meta property=\"og:image:height\" content=\"1536\" \/>\n\t<meta property=\"og:image:type\" content=\"image\/jpeg\" \/>\n<meta name=\"author\" content=\"admin\" \/>\n<meta name=\"twitter:card\" content=\"summary_large_image\" \/>\n<meta name=\"twitter:label1\" content=\"Written by\" \/>\n\t<meta name=\"twitter:data1\" content=\"admin\" \/>\n\t<meta name=\"twitter:label2\" content=\"Est. reading time\" \/>\n\t<meta name=\"twitter:data2\" content=\"1 minute\" \/>\n<script type=\"application\/ld+json\" class=\"yoast-schema-graph\">{\"@context\":\"https:\/\/schema.org\",\"@graph\":[{\"@type\":\"Article\",\"@id\":\"https:\/\/www.probike-messerli.ch\/?p=691&lang=brn#article\",\"isPartOf\":{\"@id\":\"https:\/\/www.probike-messerli.ch\/?p=691&lang=brn\"},\"author\":{\"name\":\"admin\",\"@id\":\"https:\/\/www.probike-messerli.ch\/#\/schema\/person\/198d4f926a33a753dccf6d9a395292af\"},\"headline\":\"Vespa PX 125\",\"datePublished\":\"2024-06-25T14:24:20+00:00\",\"dateModified\":\"2024-06-25T14:24:22+00:00\",\"mainEntityOfPage\":{\"@id\":\"https:\/\/www.probike-messerli.ch\/?p=691&lang=brn\"},\"wordCount\":20,\"publisher\":{\"@id\":\"https:\/\/www.probike-messerli.ch\/#organization\"},\"image\":{\"@id\":\"https:\/\/www.probike-messerli.ch\/?p=691&lang=brn#primaryimage\"},\"thumbnailUrl\":\"https:\/\/www.probike-messerli.ch\/wp-content\/uploads\/2024\/06\/IMG20240620140726-1.jpg\",\"articleSection\":[\"Roller\",\"Z Verchoufe\"],\"inLanguage\":\"en-US\"},{\"@type\":\"WebPage\",\"@id\":\"https:\/\/www.probike-messerli.ch\/?p=691&lang=brn\",\"url\":\"https:\/\/www.probike-messerli.ch\/?p=691&lang=brn\",\"name\":\"Vespa PX 125 &#8211; Pro Bike Messerli Z Verchoufe\",\"isPartOf\":{\"@id\":\"https:\/\/www.probike-messerli.ch\/#website\"},\"primaryImageOfPage\":{\"@id\":\"https:\/\/www.probike-messerli.ch\/?p=691&lang=brn#primaryimage\"},\"image\":{\"@id\":\"https:\/\/www.probike-messerli.ch\/?p=691&lang=brn#primaryimage\"},\"thumbnailUrl\":\"https:\/\/www.probike-messerli.ch\/wp-content\/uploads\/2024\/06\/IMG20240620140726-1.jpg\",\"datePublished\":\"2024-06-25T14:24:20+00:00\",\"dateModified\":\"2024-06-25T14:24:22+00:00\",\"breadcrumb\":{\"@id\":\"https:\/\/www.probike-messerli.ch\/?p=691&lang=brn#breadcrumb\"},\"inLanguage\":\"en-US\",\"potentialAction\":[{\"@type\":\"ReadAction\",\"target\":[\"https:\/\/www.probike-messerli.ch\/?p=691&lang=brn\"]}]},{\"@type\":\"ImageObject\",\"inLanguage\":\"en-US\",\"@id\":\"https:\/\/www.probike-messerli.ch\/?p=691&lang=brn#primaryimage\",\"url\":\"https:\/\/www.probike-messerli.ch\/wp-content\/uploads\/2024\/06\/IMG20240620140726-1.jpg\",\"contentUrl\":\"https:\/\/www.probike-messerli.ch\/wp-content\/uploads\/2024\/06\/IMG20240620140726-1.jpg\",\"width\":2048,\"height\":1536},{\"@type\":\"BreadcrumbList\",\"@id\":\"https:\/\/www.probike-messerli.ch\/?p=691&lang=brn#breadcrumb\",\"itemListElement\":[{\"@type\":\"ListItem\",\"position\":1,\"name\":\"Home\",\"item\":\"https:\/\/www.probike-messerli.ch\/\"},{\"@type\":\"ListItem\",\"position\":2,\"name\":\"Vespa PX 125\"}]},{\"@type\":\"WebSite\",\"@id\":\"https:\/\/www.probike-messerli.ch\/#website\",\"url\":\"https:\/\/www.probike-messerli.ch\/\",\"name\":\"Pro Bike Messerli\",\"description\":\"Velo - Mofa - Roller - Motorrad\",\"publisher\":{\"@id\":\"https:\/\/www.probike-messerli.ch\/#organization\"},\"potentialAction\":[{\"@type\":\"SearchAction\",\"target\":{\"@type\":\"EntryPoint\",\"urlTemplate\":\"https:\/\/www.probike-messerli.ch\/?s={search_term_string}\"},\"query-input\":{\"@type\":\"PropertyValueSpecification\",\"valueRequired\":true,\"valueName\":\"search_term_string\"}}],\"inLanguage\":\"en-US\"},{\"@type\":\"Organization\",\"@id\":\"https:\/\/www.probike-messerli.ch\/#organization\",\"name\":\"Pro Bike Messerli\",\"url\":\"https:\/\/www.probike-messerli.ch\/\",\"logo\":{\"@type\":\"ImageObject\",\"inLanguage\":\"en-US\",\"@id\":\"https:\/\/www.probike-messerli.ch\/#\/schema\/logo\/image\/\",\"url\":\"https:\/\/www.probike-messerli.ch\/wp-content\/uploads\/2021\/04\/Pro_Bike_Messerli_schwarz_bkgnd.png\",\"contentUrl\":\"https:\/\/www.probike-messerli.ch\/wp-content\/uploads\/2021\/04\/Pro_Bike_Messerli_schwarz_bkgnd.png\",\"width\":1063,\"height\":1063,\"caption\":\"Pro Bike Messerli\"},\"image\":{\"@id\":\"https:\/\/www.probike-messerli.ch\/#\/schema\/logo\/image\/\"},\"sameAs\":[\"https:\/\/www.instagram.com\/probike_messerli\/\"]},{\"@type\":\"Person\",\"@id\":\"https:\/\/www.probike-messerli.ch\/#\/schema\/person\/198d4f926a33a753dccf6d9a395292af\",\"name\":\"admin\",\"sameAs\":[\"https:\/\/www.probike-messerli.ch\"]}]}<\/script>\n<!-- \/ Yoast SEO plugin. -->","yoast_head_json":{"title":"Vespa PX 125 &#8211; Pro Bike Messerli Z Verchoufe","robots":{"index":"index","follow":"follow","max-snippet":"max-snippet:-1","max-image-preview":"max-image-preview:large","max-video-preview":"max-video-preview:-1"},"canonical":"https:\/\/www.probike-messerli.ch\/?p=691&lang=brn","og_locale":"en_US","og_type":"article","og_title":"Vespa PX 125 &#8211; Pro Bike Messerli Z Verchoufe","og_description":"Occasion Vespa PX 125 gr\u00fcnJahrgang: 1986Kilometerstang: 22&#8217;000 kmPriis: CHF 5&#8217;800 (ab Mfk)Reservation: Per E-Mail oder dir\u00e4kt im Lad\u00e4","og_url":"https:\/\/www.probike-messerli.ch\/?p=691&lang=brn","og_site_name":"Pro Bike Messerli","article_published_time":"2024-06-25T14:24:20+00:00","article_modified_time":"2024-06-25T14:24:22+00:00","og_image":[{"width":2048,"height":1536,"url":"https:\/\/www.probike-messerli.ch\/wp-content\/uploads\/2024\/06\/IMG20240620140726-1.jpg","type":"image\/jpeg"}],"author":"admin","twitter_card":"summary_large_image","twitter_misc":{"Written by":"admin","Est. reading time":"1 minute"},"schema":{"@context":"https:\/\/schema.org","@graph":[{"@type":"Article","@id":"https:\/\/www.probike-messerli.ch\/?p=691&lang=brn#article","isPartOf":{"@id":"https:\/\/www.probike-messerli.ch\/?p=691&lang=brn"},"author":{"name":"admin","@id":"https:\/\/www.probike-messerli.ch\/#\/schema\/person\/198d4f926a33a753dccf6d9a395292af"},"headline":"Vespa PX 125","datePublished":"2024-06-25T14:24:20+00:00","dateModified":"2024-06-25T14:24:22+00:00","mainEntityOfPage":{"@id":"https:\/\/www.probike-messerli.ch\/?p=691&lang=brn"},"wordCount":20,"publisher":{"@id":"https:\/\/www.probike-messerli.ch\/#organization"},"image":{"@id":"https:\/\/www.probike-messerli.ch\/?p=691&lang=brn#primaryimage"},"thumbnailUrl":"https:\/\/www.probike-messerli.ch\/wp-content\/uploads\/2024\/06\/IMG20240620140726-1.jpg","articleSection":["Roller","Z Verchoufe"],"inLanguage":"en-US"},{"@type":"WebPage","@id":"https:\/\/www.probike-messerli.ch\/?p=691&lang=brn","url":"https:\/\/www.probike-messerli.ch\/?p=691&lang=brn","name":"Vespa PX 125 &#8211; Pro Bike Messerli Z Verchoufe","isPartOf":{"@id":"https:\/\/www.probike-messerli.ch\/#website"},"primaryImageOfPage":{"@id":"https:\/\/www.probike-messerli.ch\/?p=691&lang=brn#primaryimage"},"image":{"@id":"https:\/\/www.probike-messerli.ch\/?p=691&lang=brn#primaryimage"},"thumbnailUrl":"https:\/\/www.probike-messerli.ch\/wp-content\/uploads\/2024\/06\/IMG20240620140726-1.jpg","datePublished":"2024-06-25T14:24:20+00:00","dateModified":"2024-06-25T14:24:22+00:00","breadcrumb":{"@id":"https:\/\/www.probike-messerli.ch\/?p=691&lang=brn#breadcrumb"},"inLanguage":"en-US","potentialAction":[{"@type":"ReadAction","target":["https:\/\/www.probike-messerli.ch\/?p=691&lang=brn"]}]},{"@type":"ImageObject","inLanguage":"en-US","@id":"https:\/\/www.probike-messerli.ch\/?p=691&lang=brn#primaryimage","url":"https:\/\/www.probike-messerli.ch\/wp-content\/uploads\/2024\/06\/IMG20240620140726-1.jpg","contentUrl":"https:\/\/www.probike-messerli.ch\/wp-content\/uploads\/2024\/06\/IMG20240620140726-1.jpg","width":2048,"height":1536},{"@type":"BreadcrumbList","@id":"https:\/\/www.probike-messerli.ch\/?p=691&lang=brn#breadcrumb","itemListElement":[{"@type":"ListItem","position":1,"name":"Home","item":"https:\/\/www.probike-messerli.ch\/"},{"@type":"ListItem","position":2,"name":"Vespa PX 125"}]},{"@type":"WebSite","@id":"https:\/\/www.probike-messerli.ch\/#website","url":"https:\/\/www.probike-messerli.ch\/","name":"Pro Bike Messerli","description":"Velo - Mofa - Roller - Motorrad","publisher":{"@id":"https:\/\/www.probike-messerli.ch\/#organization"},"potentialAction":[{"@type":"SearchAction","target":{"@type":"EntryPoint","urlTemplate":"https:\/\/www.probike-messerli.ch\/?s={search_term_string}"},"query-input":{"@type":"PropertyValueSpecification","valueRequired":true,"valueName":"search_term_string"}}],"inLanguage":"en-US"},{"@type":"Organization","@id":"https:\/\/www.probike-messerli.ch\/#organization","name":"Pro Bike Messerli","url":"https:\/\/www.probike-messerli.ch\/","logo":{"@type":"ImageObject","inLanguage":"en-US","@id":"https:\/\/www.probike-messerli.ch\/#\/schema\/logo\/image\/","url":"https:\/\/www.probike-messerli.ch\/wp-content\/uploads\/2021\/04\/Pro_Bike_Messerli_schwarz_bkgnd.png","contentUrl":"https:\/\/www.probike-messerli.ch\/wp-content\/uploads\/2021\/04\/Pro_Bike_Messerli_schwarz_bkgnd.png","width":1063,"height":1063,"caption":"Pro Bike Messerli"},"image":{"@id":"https:\/\/www.probike-messerli.ch\/#\/schema\/logo\/image\/"},"sameAs":["https:\/\/www.instagram.com\/probike_messerli\/"]},{"@type":"Person","@id":"https:\/\/www.probike-messerli.ch\/#\/schema\/person\/198d4f926a33a753dccf6d9a395292af","name":"admin","sameAs":["https:\/\/www.probike-messerli.ch"]}]}},"_links":{"self":[{"href":"https:\/\/www.probike-messerli.ch\/index.php?rest_route=\/wp\/v2\/posts\/691"}],"collection":[{"href":"https:\/\/www.probike-messerli.ch\/index.php?rest_route=\/wp\/v2\/posts"}],"about":[{"href":"https:\/\/www.probike-messerli.ch\/index.php?rest_route=\/wp\/v2\/types\/post"}],"author":[{"embeddable":true,"href":"https:\/\/www.probike-messerli.ch\/index.php?rest_route=\/wp\/v2\/users\/1"}],"replies":[{"embeddable":true,"href":"https:\/\/www.probike-messerli.ch\/index.php?rest_route=%2Fwp%2Fv2%2Fcomments&post=691"}],"version-history":[{"count":2,"href":"https:\/\/www.probike-messerli.ch\/index.php?rest_route=\/wp\/v2\/posts\/691\/revisions"}],"predecessor-version":[{"id":708,"href":"https:\/\/www.probike-messerli.ch\/index.php?rest_route=\/wp\/v2\/posts\/691\/revisions\/708"}],"wp:featuredmedia":[{"embeddable":true,"href":"https:\/\/www.probike-messerli.ch\/index.php?rest_route=\/wp\/v2\/media\/705"}],"wp:attachment":[{"href":"https:\/\/www.probike-messerli.ch\/index.php?rest_route=%2Fwp%2Fv2%2Fmedia&parent=691"}],"wp:term":[{"taxonomy":"category","embeddable":true,"href":"https:\/\/www.probike-messerli.ch\/index.php?rest_route=%2Fwp%2Fv2%2Fcategories&post=691"},{"taxonomy":"post_tag","embeddable":true,"href":"https:\/\/www.probike-messerli.ch\/index.php?rest_route=%2Fwp%2Fv2%2Ftags&post=691"}],"curies":[{"name":"wp","href":"https:\/\/api.w.org\/{rel}","templated":true}]}}