{"id":623,"date":"2024-02-17T15:57:25","date_gmt":"2024-02-17T13:57:25","guid":{"rendered":"https:\/\/www.probike-messerli.ch\/?p=623"},"modified":"2024-03-19T16:39:56","modified_gmt":"2024-03-19T14:39:56","slug":"noi-ufbouts-puch-maxi-s","status":"publish","type":"post","link":"https:\/\/www.probike-messerli.ch\/?p=623&lang=brn","title":{"rendered":"N\u00f6i ufbouts Puch Maxi-S"},"content":{"rendered":"\n<p>Rahm\u00e4 u F\u00e4ug\u00e4 si pulverbeschichtet worde.<br>Motor komplett fr\u00fcsch ufbout.<br>Priis: verchouft<br>Reservation: Per Telefon, E-Mail oder dir\u00e4kt im Lad\u00e4<\/p>\n\n\n\n<figure class=\"wp-block-image size-large is-resized\"><img loading=\"lazy\" decoding=\"async\" width=\"683\" height=\"1024\" src=\"https:\/\/www.probike-messerli.ch\/wp-content\/uploads\/2024\/02\/IMG20240215175750-1-683x1024.jpg\" alt=\"\" class=\"wp-image-630\" style=\"width:683px;height:auto\" srcset=\"https:\/\/www.probike-messerli.ch\/wp-content\/uploads\/2024\/02\/IMG20240215175750-1-683x1024.jpg 683w, https:\/\/www.probike-messerli.ch\/wp-content\/uploads\/2024\/02\/IMG20240215175750-1-200x300.jpg 200w, https:\/\/www.probike-messerli.ch\/wp-content\/uploads\/2024\/02\/IMG20240215175750-1-768x1152.jpg 768w, https:\/\/www.probike-messerli.ch\/wp-content\/uploads\/2024\/02\/IMG20240215175750-1-1024x1536.jpg 1024w, https:\/\/www.probike-messerli.ch\/wp-content\/uploads\/2024\/02\/IMG20240215175750-1.jpg 1365w\" sizes=\"(max-width: 683px) 100vw, 683px\" \/><\/figure>\n\n\n\n<div style=\"height:20px\" aria-hidden=\"true\" class=\"wp-block-spacer\"><\/div>\n\n\n\n<figure class=\"wp-block-gallery has-nested-images columns-default is-cropped wp-block-gallery-1 is-layout-flex wp-block-gallery-is-layout-flex\">\n<figure class=\"wp-block-image size-large\"><img loading=\"lazy\" decoding=\"async\" width=\"683\" height=\"1024\" data-id=\"624\" src=\"https:\/\/www.probike-messerli.ch\/wp-content\/uploads\/2024\/02\/IMG20240110165534-2-683x1024.jpg\" alt=\"\" class=\"wp-image-624\" srcset=\"https:\/\/www.probike-messerli.ch\/wp-content\/uploads\/2024\/02\/IMG20240110165534-2-683x1024.jpg 683w, https:\/\/www.probike-messerli.ch\/wp-content\/uploads\/2024\/02\/IMG20240110165534-2-200x300.jpg 200w, https:\/\/www.probike-messerli.ch\/wp-content\/uploads\/2024\/02\/IMG20240110165534-2-768x1152.jpg 768w, https:\/\/www.probike-messerli.ch\/wp-content\/uploads\/2024\/02\/IMG20240110165534-2-1024x1536.jpg 1024w, https:\/\/www.probike-messerli.ch\/wp-content\/uploads\/2024\/02\/IMG20240110165534-2.jpg 1365w\" sizes=\"(max-width: 683px) 100vw, 683px\" \/><\/figure>\n\n\n\n<figure class=\"wp-block-image size-large\"><img loading=\"lazy\" decoding=\"async\" width=\"683\" height=\"1024\" data-id=\"625\" src=\"https:\/\/www.probike-messerli.ch\/wp-content\/uploads\/2024\/02\/IMG20240111120413-1-683x1024.jpg\" alt=\"\" class=\"wp-image-625\" srcset=\"https:\/\/www.probike-messerli.ch\/wp-content\/uploads\/2024\/02\/IMG20240111120413-1-683x1024.jpg 683w, https:\/\/www.probike-messerli.ch\/wp-content\/uploads\/2024\/02\/IMG20240111120413-1-200x300.jpg 200w, https:\/\/www.probike-messerli.ch\/wp-content\/uploads\/2024\/02\/IMG20240111120413-1-768x1152.jpg 768w, https:\/\/www.probike-messerli.ch\/wp-content\/uploads\/2024\/02\/IMG20240111120413-1-1024x1536.jpg 1024w, https:\/\/www.probike-messerli.ch\/wp-content\/uploads\/2024\/02\/IMG20240111120413-1.jpg 1365w\" sizes=\"(max-width: 683px) 100vw, 683px\" \/><\/figure>\n\n\n\n<figure class=\"wp-block-image size-large\"><img loading=\"lazy\" decoding=\"async\" width=\"683\" height=\"1024\" data-id=\"627\" src=\"https:\/\/www.probike-messerli.ch\/wp-content\/uploads\/2024\/02\/IMG20240214120638-1-683x1024.jpg\" alt=\"\" class=\"wp-image-627\" srcset=\"https:\/\/www.probike-messerli.ch\/wp-content\/uploads\/2024\/02\/IMG20240214120638-1-683x1024.jpg 683w, https:\/\/www.probike-messerli.ch\/wp-content\/uploads\/2024\/02\/IMG20240214120638-1-200x300.jpg 200w, https:\/\/www.probike-messerli.ch\/wp-content\/uploads\/2024\/02\/IMG20240214120638-1-768x1152.jpg 768w, https:\/\/www.probike-messerli.ch\/wp-content\/uploads\/2024\/02\/IMG20240214120638-1-1024x1536.jpg 1024w, https:\/\/www.probike-messerli.ch\/wp-content\/uploads\/2024\/02\/IMG20240214120638-1.jpg 1365w\" sizes=\"(max-width: 683px) 100vw, 683px\" \/><\/figure>\n\n\n\n<figure class=\"wp-block-image size-large\"><img loading=\"lazy\" decoding=\"async\" width=\"1024\" height=\"683\" data-id=\"626\" src=\"https:\/\/www.probike-messerli.ch\/wp-content\/uploads\/2024\/02\/IMG20240208150420-1-1024x683.jpg\" alt=\"\" class=\"wp-image-626\" srcset=\"https:\/\/www.probike-messerli.ch\/wp-content\/uploads\/2024\/02\/IMG20240208150420-1-1024x683.jpg 1024w, https:\/\/www.probike-messerli.ch\/wp-content\/uploads\/2024\/02\/IMG20240208150420-1-300x200.jpg 300w, https:\/\/www.probike-messerli.ch\/wp-content\/uploads\/2024\/02\/IMG20240208150420-1-768x512.jpg 768w, https:\/\/www.probike-messerli.ch\/wp-content\/uploads\/2024\/02\/IMG20240208150420-1-1536x1024.jpg 1536w, https:\/\/www.probike-messerli.ch\/wp-content\/uploads\/2024\/02\/IMG20240208150420-1.jpg 2048w\" sizes=\"(max-width: 1024px) 100vw, 1024px\" \/><\/figure>\n\n\n\n<figure class=\"wp-block-image size-large\"><img loading=\"lazy\" decoding=\"async\" width=\"1024\" height=\"683\" data-id=\"628\" src=\"https:\/\/www.probike-messerli.ch\/wp-content\/uploads\/2024\/02\/IMG20240214141004-1-1024x683.jpg\" alt=\"\" class=\"wp-image-628\" srcset=\"https:\/\/www.probike-messerli.ch\/wp-content\/uploads\/2024\/02\/IMG20240214141004-1-1024x683.jpg 1024w, https:\/\/www.probike-messerli.ch\/wp-content\/uploads\/2024\/02\/IMG20240214141004-1-300x200.jpg 300w, https:\/\/www.probike-messerli.ch\/wp-content\/uploads\/2024\/02\/IMG20240214141004-1-768x512.jpg 768w, https:\/\/www.probike-messerli.ch\/wp-content\/uploads\/2024\/02\/IMG20240214141004-1-1536x1024.jpg 1536w, https:\/\/www.probike-messerli.ch\/wp-content\/uploads\/2024\/02\/IMG20240214141004-1.jpg 2048w\" sizes=\"(max-width: 1024px) 100vw, 1024px\" \/><\/figure>\n\n\n\n<figure class=\"wp-block-image size-large\"><img loading=\"lazy\" decoding=\"async\" width=\"1024\" height=\"683\" data-id=\"629\" src=\"https:\/\/www.probike-messerli.ch\/wp-content\/uploads\/2024\/02\/IMG20240215175701-2-2-1024x683.jpg\" alt=\"\" class=\"wp-image-629\" srcset=\"https:\/\/www.probike-messerli.ch\/wp-content\/uploads\/2024\/02\/IMG20240215175701-2-2-1024x683.jpg 1024w, https:\/\/www.probike-messerli.ch\/wp-content\/uploads\/2024\/02\/IMG20240215175701-2-2-300x200.jpg 300w, https:\/\/www.probike-messerli.ch\/wp-content\/uploads\/2024\/02\/IMG20240215175701-2-2-768x512.jpg 768w, https:\/\/www.probike-messerli.ch\/wp-content\/uploads\/2024\/02\/IMG20240215175701-2-2-1536x1024.jpg 1536w, https:\/\/www.probike-messerli.ch\/wp-content\/uploads\/2024\/02\/IMG20240215175701-2-2.jpg 2048w\" sizes=\"(max-width: 1024px) 100vw, 1024px\" \/><\/figure>\n<\/figure>\n","protected":false},"excerpt":{"rendered":"<p>Rahm\u00e4 u F\u00e4ug\u00e4 si pulverbeschichtet worde.Motor komplett fr\u00fcsch ufbout.Priis: verchouftReservation: Per Telefon, E-Mail oder dir\u00e4kt im Lad\u00e4<\/p>\n","protected":false},"author":1,"featured_media":629,"comment_status":"closed","ping_status":"closed","sticky":false,"template":"","format":"standard","meta":{"footnotes":""},"categories":[49,67,40],"tags":[],"class_list":["post-623","post","type-post","status-publish","format-standard","has-post-thumbnail","hentry","category-toeffli","category-verchouft","category-z-verchoufe"],"yoast_head":"<!-- This site is optimized with the Yoast SEO plugin v25.6 - https:\/\/yoast.com\/wordpress\/plugins\/seo\/ -->\n<title>N\u00f6i ufbouts Puch Maxi-S &#8211; Pro Bike Messerli Z Verchoufe<\/title>\n<meta name=\"robots\" content=\"index, follow, max-snippet:-1, max-image-preview:large, max-video-preview:-1\" \/>\n<link rel=\"canonical\" href=\"https:\/\/www.probike-messerli.ch\/?p=623&lang=brn\" \/>\n<meta property=\"og:locale\" content=\"en_US\" \/>\n<meta property=\"og:type\" content=\"article\" \/>\n<meta property=\"og:title\" content=\"N\u00f6i ufbouts Puch Maxi-S &#8211; Pro Bike Messerli Z Verchoufe\" \/>\n<meta property=\"og:description\" content=\"Rahm\u00e4 u F\u00e4ug\u00e4 si pulverbeschichtet worde.Motor komplett fr\u00fcsch ufbout.Priis: verchouftReservation: Per Telefon, E-Mail oder dir\u00e4kt im Lad\u00e4\" \/>\n<meta property=\"og:url\" content=\"https:\/\/www.probike-messerli.ch\/?p=623&amp;lang=brn\" \/>\n<meta property=\"og:site_name\" content=\"Pro Bike Messerli\" \/>\n<meta property=\"article:published_time\" content=\"2024-02-17T13:57:25+00:00\" \/>\n<meta property=\"article:modified_time\" content=\"2024-03-19T14:39:56+00:00\" \/>\n<meta property=\"og:image\" content=\"https:\/\/www.probike-messerli.ch\/wp-content\/uploads\/2024\/02\/IMG20240215175701-2-2.jpg\" \/>\n\t<meta property=\"og:image:width\" content=\"2048\" \/>\n\t<meta property=\"og:image:height\" content=\"1365\" \/>\n\t<meta property=\"og:image:type\" content=\"image\/jpeg\" \/>\n<meta name=\"author\" content=\"admin\" \/>\n<meta name=\"twitter:card\" content=\"summary_large_image\" \/>\n<meta name=\"twitter:label1\" content=\"Written by\" \/>\n\t<meta name=\"twitter:data1\" content=\"admin\" \/>\n\t<meta name=\"twitter:label2\" content=\"Est. reading time\" \/>\n\t<meta name=\"twitter:data2\" content=\"2 minutes\" \/>\n<script type=\"application\/ld+json\" class=\"yoast-schema-graph\">{\"@context\":\"https:\/\/schema.org\",\"@graph\":[{\"@type\":\"Article\",\"@id\":\"https:\/\/www.probike-messerli.ch\/?p=623&lang=brn#article\",\"isPartOf\":{\"@id\":\"https:\/\/www.probike-messerli.ch\/?p=623&lang=brn\"},\"author\":{\"name\":\"admin\",\"@id\":\"https:\/\/www.probike-messerli.ch\/#\/schema\/person\/198d4f926a33a753dccf6d9a395292af\"},\"headline\":\"N\u00f6i ufbouts Puch Maxi-S\",\"datePublished\":\"2024-02-17T13:57:25+00:00\",\"dateModified\":\"2024-03-19T14:39:56+00:00\",\"mainEntityOfPage\":{\"@id\":\"https:\/\/www.probike-messerli.ch\/?p=623&lang=brn\"},\"wordCount\":27,\"publisher\":{\"@id\":\"https:\/\/www.probike-messerli.ch\/#organization\"},\"image\":{\"@id\":\"https:\/\/www.probike-messerli.ch\/?p=623&lang=brn#primaryimage\"},\"thumbnailUrl\":\"https:\/\/www.probike-messerli.ch\/wp-content\/uploads\/2024\/02\/IMG20240215175701-2-2.jpg\",\"articleSection\":[\"T\u00f6ffli\",\"Verchouft\",\"Z Verchoufe\"],\"inLanguage\":\"en-US\"},{\"@type\":\"WebPage\",\"@id\":\"https:\/\/www.probike-messerli.ch\/?p=623&lang=brn\",\"url\":\"https:\/\/www.probike-messerli.ch\/?p=623&lang=brn\",\"name\":\"N\u00f6i ufbouts Puch Maxi-S &#8211; Pro Bike Messerli Z Verchoufe\",\"isPartOf\":{\"@id\":\"https:\/\/www.probike-messerli.ch\/#website\"},\"primaryImageOfPage\":{\"@id\":\"https:\/\/www.probike-messerli.ch\/?p=623&lang=brn#primaryimage\"},\"image\":{\"@id\":\"https:\/\/www.probike-messerli.ch\/?p=623&lang=brn#primaryimage\"},\"thumbnailUrl\":\"https:\/\/www.probike-messerli.ch\/wp-content\/uploads\/2024\/02\/IMG20240215175701-2-2.jpg\",\"datePublished\":\"2024-02-17T13:57:25+00:00\",\"dateModified\":\"2024-03-19T14:39:56+00:00\",\"breadcrumb\":{\"@id\":\"https:\/\/www.probike-messerli.ch\/?p=623&lang=brn#breadcrumb\"},\"inLanguage\":\"en-US\",\"potentialAction\":[{\"@type\":\"ReadAction\",\"target\":[\"https:\/\/www.probike-messerli.ch\/?p=623&lang=brn\"]}]},{\"@type\":\"ImageObject\",\"inLanguage\":\"en-US\",\"@id\":\"https:\/\/www.probike-messerli.ch\/?p=623&lang=brn#primaryimage\",\"url\":\"https:\/\/www.probike-messerli.ch\/wp-content\/uploads\/2024\/02\/IMG20240215175701-2-2.jpg\",\"contentUrl\":\"https:\/\/www.probike-messerli.ch\/wp-content\/uploads\/2024\/02\/IMG20240215175701-2-2.jpg\",\"width\":2048,\"height\":1365},{\"@type\":\"BreadcrumbList\",\"@id\":\"https:\/\/www.probike-messerli.ch\/?p=623&lang=brn#breadcrumb\",\"itemListElement\":[{\"@type\":\"ListItem\",\"position\":1,\"name\":\"Home\",\"item\":\"https:\/\/www.probike-messerli.ch\/\"},{\"@type\":\"ListItem\",\"position\":2,\"name\":\"N\u00f6i ufbouts Puch Maxi-S\"}]},{\"@type\":\"WebSite\",\"@id\":\"https:\/\/www.probike-messerli.ch\/#website\",\"url\":\"https:\/\/www.probike-messerli.ch\/\",\"name\":\"Pro Bike Messerli\",\"description\":\"Velo - Mofa - Roller - Motorrad\",\"publisher\":{\"@id\":\"https:\/\/www.probike-messerli.ch\/#organization\"},\"potentialAction\":[{\"@type\":\"SearchAction\",\"target\":{\"@type\":\"EntryPoint\",\"urlTemplate\":\"https:\/\/www.probike-messerli.ch\/?s={search_term_string}\"},\"query-input\":{\"@type\":\"PropertyValueSpecification\",\"valueRequired\":true,\"valueName\":\"search_term_string\"}}],\"inLanguage\":\"en-US\"},{\"@type\":\"Organization\",\"@id\":\"https:\/\/www.probike-messerli.ch\/#organization\",\"name\":\"Pro Bike Messerli\",\"url\":\"https:\/\/www.probike-messerli.ch\/\",\"logo\":{\"@type\":\"ImageObject\",\"inLanguage\":\"en-US\",\"@id\":\"https:\/\/www.probike-messerli.ch\/#\/schema\/logo\/image\/\",\"url\":\"https:\/\/www.probike-messerli.ch\/wp-content\/uploads\/2021\/04\/Pro_Bike_Messerli_schwarz_bkgnd.png\",\"contentUrl\":\"https:\/\/www.probike-messerli.ch\/wp-content\/uploads\/2021\/04\/Pro_Bike_Messerli_schwarz_bkgnd.png\",\"width\":1063,\"height\":1063,\"caption\":\"Pro Bike Messerli\"},\"image\":{\"@id\":\"https:\/\/www.probike-messerli.ch\/#\/schema\/logo\/image\/\"},\"sameAs\":[\"https:\/\/www.instagram.com\/probike_messerli\/\"]},{\"@type\":\"Person\",\"@id\":\"https:\/\/www.probike-messerli.ch\/#\/schema\/person\/198d4f926a33a753dccf6d9a395292af\",\"name\":\"admin\",\"sameAs\":[\"https:\/\/www.probike-messerli.ch\"]}]}<\/script>\n<!-- \/ Yoast SEO plugin. -->","yoast_head_json":{"title":"N\u00f6i ufbouts Puch Maxi-S &#8211; Pro Bike Messerli Z Verchoufe","robots":{"index":"index","follow":"follow","max-snippet":"max-snippet:-1","max-image-preview":"max-image-preview:large","max-video-preview":"max-video-preview:-1"},"canonical":"https:\/\/www.probike-messerli.ch\/?p=623&lang=brn","og_locale":"en_US","og_type":"article","og_title":"N\u00f6i ufbouts Puch Maxi-S &#8211; Pro Bike Messerli Z Verchoufe","og_description":"Rahm\u00e4 u F\u00e4ug\u00e4 si pulverbeschichtet worde.Motor komplett fr\u00fcsch ufbout.Priis: verchouftReservation: Per Telefon, E-Mail oder dir\u00e4kt im Lad\u00e4","og_url":"https:\/\/www.probike-messerli.ch\/?p=623&lang=brn","og_site_name":"Pro Bike Messerli","article_published_time":"2024-02-17T13:57:25+00:00","article_modified_time":"2024-03-19T14:39:56+00:00","og_image":[{"width":2048,"height":1365,"url":"https:\/\/www.probike-messerli.ch\/wp-content\/uploads\/2024\/02\/IMG20240215175701-2-2.jpg","type":"image\/jpeg"}],"author":"admin","twitter_card":"summary_large_image","twitter_misc":{"Written by":"admin","Est. reading time":"2 minutes"},"schema":{"@context":"https:\/\/schema.org","@graph":[{"@type":"Article","@id":"https:\/\/www.probike-messerli.ch\/?p=623&lang=brn#article","isPartOf":{"@id":"https:\/\/www.probike-messerli.ch\/?p=623&lang=brn"},"author":{"name":"admin","@id":"https:\/\/www.probike-messerli.ch\/#\/schema\/person\/198d4f926a33a753dccf6d9a395292af"},"headline":"N\u00f6i ufbouts Puch Maxi-S","datePublished":"2024-02-17T13:57:25+00:00","dateModified":"2024-03-19T14:39:56+00:00","mainEntityOfPage":{"@id":"https:\/\/www.probike-messerli.ch\/?p=623&lang=brn"},"wordCount":27,"publisher":{"@id":"https:\/\/www.probike-messerli.ch\/#organization"},"image":{"@id":"https:\/\/www.probike-messerli.ch\/?p=623&lang=brn#primaryimage"},"thumbnailUrl":"https:\/\/www.probike-messerli.ch\/wp-content\/uploads\/2024\/02\/IMG20240215175701-2-2.jpg","articleSection":["T\u00f6ffli","Verchouft","Z Verchoufe"],"inLanguage":"en-US"},{"@type":"WebPage","@id":"https:\/\/www.probike-messerli.ch\/?p=623&lang=brn","url":"https:\/\/www.probike-messerli.ch\/?p=623&lang=brn","name":"N\u00f6i ufbouts Puch Maxi-S &#8211; Pro Bike Messerli Z Verchoufe","isPartOf":{"@id":"https:\/\/www.probike-messerli.ch\/#website"},"primaryImageOfPage":{"@id":"https:\/\/www.probike-messerli.ch\/?p=623&lang=brn#primaryimage"},"image":{"@id":"https:\/\/www.probike-messerli.ch\/?p=623&lang=brn#primaryimage"},"thumbnailUrl":"https:\/\/www.probike-messerli.ch\/wp-content\/uploads\/2024\/02\/IMG20240215175701-2-2.jpg","datePublished":"2024-02-17T13:57:25+00:00","dateModified":"2024-03-19T14:39:56+00:00","breadcrumb":{"@id":"https:\/\/www.probike-messerli.ch\/?p=623&lang=brn#breadcrumb"},"inLanguage":"en-US","potentialAction":[{"@type":"ReadAction","target":["https:\/\/www.probike-messerli.ch\/?p=623&lang=brn"]}]},{"@type":"ImageObject","inLanguage":"en-US","@id":"https:\/\/www.probike-messerli.ch\/?p=623&lang=brn#primaryimage","url":"https:\/\/www.probike-messerli.ch\/wp-content\/uploads\/2024\/02\/IMG20240215175701-2-2.jpg","contentUrl":"https:\/\/www.probike-messerli.ch\/wp-content\/uploads\/2024\/02\/IMG20240215175701-2-2.jpg","width":2048,"height":1365},{"@type":"BreadcrumbList","@id":"https:\/\/www.probike-messerli.ch\/?p=623&lang=brn#breadcrumb","itemListElement":[{"@type":"ListItem","position":1,"name":"Home","item":"https:\/\/www.probike-messerli.ch\/"},{"@type":"ListItem","position":2,"name":"N\u00f6i ufbouts Puch Maxi-S"}]},{"@type":"WebSite","@id":"https:\/\/www.probike-messerli.ch\/#website","url":"https:\/\/www.probike-messerli.ch\/","name":"Pro Bike Messerli","description":"Velo - Mofa - Roller - Motorrad","publisher":{"@id":"https:\/\/www.probike-messerli.ch\/#organization"},"potentialAction":[{"@type":"SearchAction","target":{"@type":"EntryPoint","urlTemplate":"https:\/\/www.probike-messerli.ch\/?s={search_term_string}"},"query-input":{"@type":"PropertyValueSpecification","valueRequired":true,"valueName":"search_term_string"}}],"inLanguage":"en-US"},{"@type":"Organization","@id":"https:\/\/www.probike-messerli.ch\/#organization","name":"Pro Bike Messerli","url":"https:\/\/www.probike-messerli.ch\/","logo":{"@type":"ImageObject","inLanguage":"en-US","@id":"https:\/\/www.probike-messerli.ch\/#\/schema\/logo\/image\/","url":"https:\/\/www.probike-messerli.ch\/wp-content\/uploads\/2021\/04\/Pro_Bike_Messerli_schwarz_bkgnd.png","contentUrl":"https:\/\/www.probike-messerli.ch\/wp-content\/uploads\/2021\/04\/Pro_Bike_Messerli_schwarz_bkgnd.png","width":1063,"height":1063,"caption":"Pro Bike Messerli"},"image":{"@id":"https:\/\/www.probike-messerli.ch\/#\/schema\/logo\/image\/"},"sameAs":["https:\/\/www.instagram.com\/probike_messerli\/"]},{"@type":"Person","@id":"https:\/\/www.probike-messerli.ch\/#\/schema\/person\/198d4f926a33a753dccf6d9a395292af","name":"admin","sameAs":["https:\/\/www.probike-messerli.ch"]}]}},"_links":{"self":[{"href":"https:\/\/www.probike-messerli.ch\/index.php?rest_route=\/wp\/v2\/posts\/623"}],"collection":[{"href":"https:\/\/www.probike-messerli.ch\/index.php?rest_route=\/wp\/v2\/posts"}],"about":[{"href":"https:\/\/www.probike-messerli.ch\/index.php?rest_route=\/wp\/v2\/types\/post"}],"author":[{"embeddable":true,"href":"https:\/\/www.probike-messerli.ch\/index.php?rest_route=\/wp\/v2\/users\/1"}],"replies":[{"embeddable":true,"href":"https:\/\/www.probike-messerli.ch\/index.php?rest_route=%2Fwp%2Fv2%2Fcomments&post=623"}],"version-history":[{"count":3,"href":"https:\/\/www.probike-messerli.ch\/index.php?rest_route=\/wp\/v2\/posts\/623\/revisions"}],"predecessor-version":[{"id":684,"href":"https:\/\/www.probike-messerli.ch\/index.php?rest_route=\/wp\/v2\/posts\/623\/revisions\/684"}],"wp:featuredmedia":[{"embeddable":true,"href":"https:\/\/www.probike-messerli.ch\/index.php?rest_route=\/wp\/v2\/media\/629"}],"wp:attachment":[{"href":"https:\/\/www.probike-messerli.ch\/index.php?rest_route=%2Fwp%2Fv2%2Fmedia&parent=623"}],"wp:term":[{"taxonomy":"category","embeddable":true,"href":"https:\/\/www.probike-messerli.ch\/index.php?rest_route=%2Fwp%2Fv2%2Fcategories&post=623"},{"taxonomy":"post_tag","embeddable":true,"href":"https:\/\/www.probike-messerli.ch\/index.php?rest_route=%2Fwp%2Fv2%2Ftags&post=623"}],"curies":[{"name":"wp","href":"https:\/\/api.w.org\/{rel}","templated":true}]}}